[{"@context":"https:\/\/schema.org\/","@type":"Blog","@id":"https:\/\/www.shadar.cz#Blog","headline":"Shadar","description":"\nKdyby nebylo na\u0161eho webu, kdo v\u00ed, kolika lidem by se ne\u017eilo tak dob\u0159e, jak se jim \u017eije. Kdo v\u00ed, jak by dopadli ti, jim\u017e poskytl u\u017eite\u010dnou pomoc n\u00e1\u0161 web.","url":"https:\/\/www.shadar.cz","hasPart":[{"@type":"Article","@id":"https:\/\/www.shadar.cz\/septiky-odolne-vuci-chemickym-latkam\/","headline":"Septiky odoln\u00e9 v\u016f\u010di chemick\u00fdm l\u00e1tk\u00e1m\u00a8","url":"https:\/\/www.shadar.cz\/septiky-odolne-vuci-chemickym-latkam\/","datePublished":"2025-03-05","dateModified":"2025-03-05","mainEntityOfPage":"https:\/\/www.shadar.cz\/septiky-odolne-vuci-chemickym-latkam\/","author":{"@type":"Person","@id":"https:\/\/www.shadar.cz\/author\/#Person","name":"","url":"https:\/\/www.shadar.cz\/author\/","identifier":1,"image":{"@type":"ImageObject","@id":"https:\/\/secure.gravatar.com\/avatar\/93869824c8aa580f0d16049ad31e69846ffc925e0cbb2826cc9554f53943da69?s=96&d=mm&r=g","url":"https:\/\/secure.gravatar.com\/avatar\/93869824c8aa580f0d16049ad31e69846ffc925e0cbb2826cc9554f53943da69?s=96&d=mm&r=g","height":96,"width":96}},"publisher":{"@type":"Organization","name":"shadar.cz","logo":{"@type":"ImageObject","@id":"\/logo.png","url":"\/logo.png","width":600,"height":60}},"image":null,"wordCount":199,"keywords":null},{"@type":"Article","@id":"https:\/\/www.shadar.cz\/udelejte-neco-pro-sve-zdravi-chodte-casteji-naboso\/","headline":"Ud\u011blejte n\u011bco pro sv\u00e9 zdrav\u00ed \u2013 cho\u010fte \u010dast\u011bji naboso","url":"https:\/\/www.shadar.cz\/udelejte-neco-pro-sve-zdravi-chodte-casteji-naboso\/","datePublished":"2025-03-04","dateModified":"2025-03-04","mainEntityOfPage":"https:\/\/www.shadar.cz\/udelejte-neco-pro-sve-zdravi-chodte-casteji-naboso\/","author":{"@type":"Person","@id":"https:\/\/www.shadar.cz\/author\/#Person","name":"","url":"https:\/\/www.shadar.cz\/author\/","identifier":1,"image":{"@type":"ImageObject","@id":"https:\/\/secure.gravatar.com\/avatar\/93869824c8aa580f0d16049ad31e69846ffc925e0cbb2826cc9554f53943da69?s=96&d=mm&r=g","url":"https:\/\/secure.gravatar.com\/avatar\/93869824c8aa580f0d16049ad31e69846ffc925e0cbb2826cc9554f53943da69?s=96&d=mm&r=g","height":96,"width":96}},"publisher":{"@type":"Organization","name":"shadar.cz","logo":{"@type":"ImageObject","@id":"\/logo.png","url":"\/logo.png","width":600,"height":60}},"image":{"@type":"ImageObject","@id":"https:\/\/www.shadar.cz\/wp-content\/uploads\/img_a339707_w2056_t1552828790.jpg","url":"https:\/\/www.shadar.cz\/wp-content\/uploads\/img_a339707_w2056_t1552828790.jpg","height":0,"width":0},"wordCount":534,"keywords":null},{"@type":"Article","@id":"https:\/\/www.shadar.cz\/jak-stravit-den-na-montmartre\/","headline":"Jak str\u00e1vit den na Montmartre","url":"https:\/\/www.shadar.cz\/jak-stravit-den-na-montmartre\/","datePublished":"2025-03-02","dateModified":"2025-03-02","mainEntityOfPage":"https:\/\/www.shadar.cz\/jak-stravit-den-na-montmartre\/","author":{"@type":"Person","@id":"https:\/\/www.shadar.cz\/author\/#Person","name":"","url":"https:\/\/www.shadar.cz\/author\/","identifier":1,"image":{"@type":"ImageObject","@id":"https:\/\/secure.gravatar.com\/avatar\/93869824c8aa580f0d16049ad31e69846ffc925e0cbb2826cc9554f53943da69?s=96&d=mm&r=g","url":"https:\/\/secure.gravatar.com\/avatar\/93869824c8aa580f0d16049ad31e69846ffc925e0cbb2826cc9554f53943da69?s=96&d=mm&r=g","height":96,"width":96}},"publisher":{"@type":"Organization","name":"shadar.cz","logo":{"@type":"ImageObject","@id":"\/logo.png","url":"\/logo.png","width":600,"height":60}},"image":{"@type":"ImageObject","@id":"https:\/\/www.shadar.cz\/wp-content\/uploads\/img_a340684_w2021_t1553597806.jpg","url":"https:\/\/www.shadar.cz\/wp-content\/uploads\/img_a340684_w2021_t1553597806.jpg","height":0,"width":0},"wordCount":504,"keywords":null},{"@type":"Article","@id":"https:\/\/www.shadar.cz\/vynikajici-dovolena\/","headline":"Vynikaj\u00edc\u00ed dovolen\u00e1","url":"https:\/\/www.shadar.cz\/vynikajici-dovolena\/","datePublished":"2025-03-02","dateModified":"2025-03-02","mainEntityOfPage":"https:\/\/www.shadar.cz\/vynikajici-dovolena\/","author":{"@type":"Person","@id":"https:\/\/www.shadar.cz\/author\/#Person","name":"","url":"https:\/\/www.shadar.cz\/author\/","identifier":1,"image":{"@type":"ImageObject","@id":"https:\/\/secure.gravatar.com\/avatar\/93869824c8aa580f0d16049ad31e69846ffc925e0cbb2826cc9554f53943da69?s=96&d=mm&r=g","url":"https:\/\/secure.gravatar.com\/avatar\/93869824c8aa580f0d16049ad31e69846ffc925e0cbb2826cc9554f53943da69?s=96&d=mm&r=g","height":96,"width":96}},"publisher":{"@type":"Organization","name":"shadar.cz","logo":{"@type":"ImageObject","@id":"\/logo.png","url":"\/logo.png","width":600,"height":60}},"image":null,"wordCount":220,"keywords":null},{"@type":"Article","@id":"https:\/\/www.shadar.cz\/dum-s-inteligenci\/","headline":"D\u016fm s inteligenc\u00ed","url":"https:\/\/www.shadar.cz\/dum-s-inteligenci\/","datePublished":"2025-02-28","dateModified":"2025-02-28","mainEntityOfPage":"https:\/\/www.shadar.cz\/dum-s-inteligenci\/","author":{"@type":"Person","@id":"https:\/\/www.shadar.cz\/author\/#Person","name":"","url":"https:\/\/www.shadar.cz\/author\/","identifier":1,"image":{"@type":"ImageObject","@id":"https:\/\/secure.gravatar.com\/avatar\/93869824c8aa580f0d16049ad31e69846ffc925e0cbb2826cc9554f53943da69?s=96&d=mm&r=g","url":"https:\/\/secure.gravatar.com\/avatar\/93869824c8aa580f0d16049ad31e69846ffc925e0cbb2826cc9554f53943da69?s=96&d=mm&r=g","height":96,"width":96}},"publisher":{"@type":"Organization","name":"shadar.cz","logo":{"@type":"ImageObject","@id":"\/logo.png","url":"\/logo.png","width":600,"height":60}},"image":{"@type":"ImageObject","@id":"https:\/\/www.shadar.cz\/wp-content\/uploads\/img_a330614_w2021_t1543136657.jpg","url":"https:\/\/www.shadar.cz\/wp-content\/uploads\/img_a330614_w2021_t1543136657.jpg","height":0,"width":0},"wordCount":492,"keywords":null},{"@type":"Article","@id":"https:\/\/www.shadar.cz\/zveme-vas-na-mista-velmi-oblibena\/","headline":"Zveme v\u00e1s na m\u00edsta velmi obl\u00edben\u00e1","url":"https:\/\/www.shadar.cz\/zveme-vas-na-mista-velmi-oblibena\/","datePublished":"2025-02-24","dateModified":"2025-02-24","mainEntityOfPage":"https:\/\/www.shadar.cz\/zveme-vas-na-mista-velmi-oblibena\/","author":{"@type":"Person","@id":"https:\/\/www.shadar.cz\/author\/#Person","name":"","url":"https:\/\/www.shadar.cz\/author\/","identifier":1,"image":{"@type":"ImageObject","@id":"https:\/\/secure.gravatar.com\/avatar\/93869824c8aa580f0d16049ad31e69846ffc925e0cbb2826cc9554f53943da69?s=96&d=mm&r=g","url":"https:\/\/secure.gravatar.com\/avatar\/93869824c8aa580f0d16049ad31e69846ffc925e0cbb2826cc9554f53943da69?s=96&d=mm&r=g","height":96,"width":96}},"publisher":{"@type":"Organization","name":"shadar.cz","logo":{"@type":"ImageObject","@id":"\/logo.png","url":"\/logo.png","width":600,"height":60}},"image":null,"wordCount":239,"keywords":null},{"@type":"Article","@id":"https:\/\/www.shadar.cz\/aby-nejen-slouzily\/","headline":"Aby nejen slou\u017eily","url":"https:\/\/www.shadar.cz\/aby-nejen-slouzily\/","datePublished":"2025-02-16","dateModified":"2025-02-16","mainEntityOfPage":"https:\/\/www.shadar.cz\/aby-nejen-slouzily\/","author":{"@type":"Person","@id":"https:\/\/www.shadar.cz\/author\/#Person","name":"","url":"https:\/\/www.shadar.cz\/author\/","identifier":1,"image":{"@type":"ImageObject","@id":"https:\/\/secure.gravatar.com\/avatar\/93869824c8aa580f0d16049ad31e69846ffc925e0cbb2826cc9554f53943da69?s=96&d=mm&r=g","url":"https:\/\/secure.gravatar.com\/avatar\/93869824c8aa580f0d16049ad31e69846ffc925e0cbb2826cc9554f53943da69?s=96&d=mm&r=g","height":96,"width":96}},"publisher":{"@type":"Organization","name":"shadar.cz","logo":{"@type":"ImageObject","@id":"\/logo.png","url":"\/logo.png","width":600,"height":60}},"image":null,"wordCount":245,"keywords":null},{"@type":"Article","@id":"https:\/\/www.shadar.cz\/kdyz-spravce-nemovitosti-nahle-zemre\/","headline":"Kdy\u017e spr\u00e1vce nemovitosti n\u00e1hle zem\u0159e","url":"https:\/\/www.shadar.cz\/kdyz-spravce-nemovitosti-nahle-zemre\/","datePublished":"2025-02-13","dateModified":"2025-02-13","mainEntityOfPage":"https:\/\/www.shadar.cz\/kdyz-spravce-nemovitosti-nahle-zemre\/","author":{"@type":"Person","@id":"https:\/\/www.shadar.cz\/author\/#Person","name":"","url":"https:\/\/www.shadar.cz\/author\/","identifier":1,"image":{"@type":"ImageObject","@id":"https:\/\/secure.gravatar.com\/avatar\/93869824c8aa580f0d16049ad31e69846ffc925e0cbb2826cc9554f53943da69?s=96&d=mm&r=g","url":"https:\/\/secure.gravatar.com\/avatar\/93869824c8aa580f0d16049ad31e69846ffc925e0cbb2826cc9554f53943da69?s=96&d=mm&r=g","height":96,"width":96}},"publisher":{"@type":"Organization","name":"shadar.cz","logo":{"@type":"ImageObject","@id":"\/logo.png","url":"\/logo.png","width":600,"height":60}},"image":{"@type":"ImageObject","@id":"https:\/\/www.shadar.cz\/wp-content\/uploads\/sao-paulo-966309_640_5.jpg","url":"https:\/\/www.shadar.cz\/wp-content\/uploads\/sao-paulo-966309_640_5.jpg","height":0,"width":0},"wordCount":590,"keywords":null},{"@type":"Article","@id":"https:\/\/www.shadar.cz\/abychom-nezustali-na-suchu\/","headline":"Abychom nez\u016fstali na suchu","url":"https:\/\/www.shadar.cz\/abychom-nezustali-na-suchu\/","datePublished":"2025-02-11","dateModified":"2025-02-11","mainEntityOfPage":"https:\/\/www.shadar.cz\/abychom-nezustali-na-suchu\/","author":{"@type":"Person","@id":"https:\/\/www.shadar.cz\/author\/#Person","name":"","url":"https:\/\/www.shadar.cz\/author\/","identifier":1,"image":{"@type":"ImageObject","@id":"https:\/\/secure.gravatar.com\/avatar\/93869824c8aa580f0d16049ad31e69846ffc925e0cbb2826cc9554f53943da69?s=96&d=mm&r=g","url":"https:\/\/secure.gravatar.com\/avatar\/93869824c8aa580f0d16049ad31e69846ffc925e0cbb2826cc9554f53943da69?s=96&d=mm&r=g","height":96,"width":96}},"publisher":{"@type":"Organization","name":"shadar.cz","logo":{"@type":"ImageObject","@id":"\/logo.png","url":"\/logo.png","width":600,"height":60}},"image":{"@type":"ImageObject","@id":"https:\/\/www.shadar.cz\/wp-content\/uploads\/ppppppppppppppppppppppppppppppppppppppppppp_10_2.jpg","url":"https:\/\/www.shadar.cz\/wp-content\/uploads\/ppppppppppppppppppppppppppppppppppppppppppp_10_2.jpg","height":0,"width":0},"wordCount":583,"keywords":null},{"@type":"Article","@id":"https:\/\/www.shadar.cz\/potisk-tricek\/","headline":"Potisk tri\u010dek","url":"https:\/\/www.shadar.cz\/potisk-tricek\/","datePublished":"2025-02-09","dateModified":"2025-02-09","mainEntityOfPage":"https:\/\/www.shadar.cz\/potisk-tricek\/","author":{"@type":"Person","@id":"https:\/\/www.shadar.cz\/author\/#Person","name":"","url":"https:\/\/www.shadar.cz\/author\/","identifier":1,"image":{"@type":"ImageObject","@id":"https:\/\/secure.gravatar.com\/avatar\/93869824c8aa580f0d16049ad31e69846ffc925e0cbb2826cc9554f53943da69?s=96&d=mm&r=g","url":"https:\/\/secure.gravatar.com\/avatar\/93869824c8aa580f0d16049ad31e69846ffc925e0cbb2826cc9554f53943da69?s=96&d=mm&r=g","height":96,"width":96}},"publisher":{"@type":"Organization","name":"shadar.cz","logo":{"@type":"ImageObject","@id":"\/logo.png","url":"\/logo.png","width":600,"height":60}},"image":null,"wordCount":242,"keywords":null}]},{"@context":"https:\/\/schema.org","@type":"WebSite","@id":"https:\/\/www.shadar.cz\/#website","name":"Shadar","url":"https:\/\/www.shadar.cz","potentialAction":{"@type":"SearchAction","target":"https:\/\/www.shadar.cz\/?s={search_term_string}","query-input":"required name=search_term_string"}}]