[{"@context":"https:\/\/schema.org\/","@type":"Article","@id":"https:\/\/www.shadar.cz\/noste-sperky-ktere-maji-smysl-a-styl\/#Article","mainEntityOfPage":"https:\/\/www.shadar.cz\/noste-sperky-ktere-maji-smysl-a-styl\/","headline":"Noste \u0161perky, kter\u00e9 maj\u00ed smysl a styl","name":"Noste \u0161perky, kter\u00e9 maj\u00ed smysl a styl","description":"Jak jste na tom ohledn\u011b dopl\u0148k\u016f na sv\u00e9m t\u011ble? Nos\u00edte n\u011bjak\u00e9? P\u0159ipad\u00e1 mi skv\u011bl\u00e9 sv\u00e9 t\u011blo zdobit. Dopl\u0148k\u016f, kter\u00e9 mohou zdobit na\u0161e t\u011blo je mnoho.","datePublished":"2023-06-21","dateModified":"2023-08-18","author":{"@type":"Person","@id":"https:\/\/www.shadar.cz\/author\/#Person","name":"","url":"https:\/\/www.shadar.cz\/author\/","identifier":1,"image":{"@type":"ImageObject","@id":"https:\/\/secure.gravatar.com\/avatar\/93869824c8aa580f0d16049ad31e69846ffc925e0cbb2826cc9554f53943da69?s=96&d=mm&r=g","url":"https:\/\/secure.gravatar.com\/avatar\/93869824c8aa580f0d16049ad31e69846ffc925e0cbb2826cc9554f53943da69?s=96&d=mm&r=g","height":96,"width":96}},"publisher":{"@type":"Organization","name":"shadar.cz","logo":{"@type":"ImageObject","@id":"\/logo.png","url":"\/logo.png","width":600,"height":60}},"image":{"@type":"ImageObject","@id":"https:\/\/www.shadar.cz\/wp-content\/uploads\/unnamed%20(2)_1.jpg","url":"https:\/\/www.shadar.cz\/wp-content\/uploads\/unnamed%20(2)_1.jpg","height":0,"width":0},"url":"https:\/\/www.shadar.cz\/noste-sperky-ktere-maji-smysl-a-styl\/","about":["V\u00fdrobky"],"wordCount":437,"articleBody":"      Jak jste na tom ohledn\u011b dopl\u0148k\u016f na sv\u00e9m t\u011ble? Nos\u00edte n\u011bjak\u00e9? P\u0159ipad\u00e1 mi skv\u011bl\u00e9 sv\u00e9 t\u011blo zdobit. Dopl\u0148k\u016f, kter\u00e9 mohou zdobit na\u0161e t\u011blo je mnoho. N\u011bkdo m\u00e1 r\u00e1d symbolick\u00e9 tetov\u00e1n\u00ed, n\u011bkdo m\u00e1 r\u00e1d piercingy, jin\u00ed zase gelov\u00e9 nehty. A co \u0161perky? Prst\u00fdnky, n\u00e1ramky, n\u00e1u\u0161nice a p\u0159\u00edv\u011b\u0161ky? Snad ka\u017ed\u00fd z n\u00e1s doma m\u00e1me n\u011bjak\u00fd \u0161perk, kter\u00fd t\u0159eba nenos\u00edme ka\u017ed\u00fd den, ale jednou za \u010das ur\u010dit\u011b. M\u00e1m r\u00e1da, kdy\u017e v\u0161echno, co nos\u00edm na sob\u011b, m\u00e1 sv\u016fj smysl a v\u00fdznam. A\u0165 u\u017e jde o tetov\u00e1n\u00ed nebo \u0161perky. \u0160perky nos\u00edm r\u00e1da od n\u011bkoho darovan\u00e9, hned to prohlubuje symboliku. Na\u0161la jsem zaj\u00edmav\u00e9 kousky webov\u00fdch str\u00e1nk\u00e1ch PRIMA OBCHOD, je to textiln\u00ed galanterie na internetu, kde v sekci p\u0159\u00edv\u011bsky a spony samostatn\u00e9 naleznete p\u0159esn\u011b to, o \u010dem je tu te\u010f \u0159e\u010d.Maj\u00ed velk\u00fd v\u00fdb\u011br. L\u00edb\u00ed se mi p\u0159ehlednost webov\u00fdch str\u00e1nek. D\u00edky tomu si pohodln\u011b vyberu, co se mi l\u00edb\u00ed a co pot\u0159ebuji. Tahle str\u00e1nka je pln\u00e1 inspirace a hlavn\u011b je nabit\u00e1 symbolikou. Stromy \u017eivota, and\u011bl\u00e9, k\u0159\u00ed\u017eky a k\u0159\u00ed\u017ee, zvone\u010dky, medailonky a mnoho dal\u0161\u00edho. T\u00edm, \u017ee n\u011bkomu daruji p\u0159\u00edv\u011b\u0161ek s n\u011bjak\u00fdm symbolem, u\u017e t\u00edm mu n\u011bco \u0159\u00edk\u00e1m, n\u011bco s d\u00e1rkem p\u0159ed\u00e1v\u00e1m a m\u00e1 to v\u011bt\u0161\u00ed s\u00edlu pro darovan\u00e9ho i daruj\u00edc\u00edho. M\u00e1te to tak\u00e9 tak?Mysl\u00edm si, \u017ee mnoho z n\u00e1s to takto vn\u00edm\u00e1. Nikdo p\u0159eci nedaruje d\u00e1rek jen tak, bezmy\u0161lenkovit\u011b. A \u010d\u00edm se ozdob\u00edte Vy nebo \u010d\u00edm ozdob\u00edte sv\u00e9 bl\u00edzk\u00e9? Nutno dodat, \u017ee ceny jsou v\u00edce ne\u017e p\u0159\u00edzniv\u00e9. Nav\u00edc jsou vyrobeny z chirurgick\u00e9 oceli. Tento materi\u00e1l je mezi lidmi velice obl\u00edben\u00fd. Alergick\u00e9 reakce jsou na n\u011bj minim\u00e1ln\u00ed. Moje dcery z chirurgick\u00e9 oceli maj\u00ed n\u00e1u\u0161nice, t\u00e9m\u011b\u0159 od narozen\u00ed a mus\u00edm \u0159\u00edci, \u017ee nikdy nebyl \u017e\u00e1dn\u00fd probl\u00e9m. Dob\u0159e ji sn\u00e1\u0161ej\u00ed. I j\u00e1 osobn\u011b m\u00e1m probl\u00e9m s oby\u010dejnou bi\u017euteri\u00ed. U\u0161i m\u011b po n\u00ed hned sv\u011bd\u00ed a i s n\u00e1ramky, \u0159et\u00edzky a p\u0159\u00edv\u011bsky m\u00edv\u00e1m probl\u00e9m, ale s chirurgickou ocel\u00ed m\u00e1m tento probl\u00e9m vy\u0159e\u0161en. M\u016f\u017eu j\u00ed nosit bez omezen\u00ed a to je par\u00e1da!                                                                                                                                                                                                                                                                                                                                                                                          4.4\/5 - (12 votes)        "},{"@context":"https:\/\/schema.org\/","@type":"BreadcrumbList","itemListElement":[{"@type":"ListItem","position":1,"name":"Noste \u0161perky, kter\u00e9 maj\u00ed smysl a styl","item":"https:\/\/www.shadar.cz\/noste-sperky-ktere-maji-smysl-a-styl\/#breadcrumbitem"}]}]